{"id":3154,"global_id":"lecercleetlecarre.fr?id=3154","global_id_lineage":["lecercleetlecarre.fr?id=3154"],"author":"3","status":"publish","date":"2022-01-19 02:47:58","date_utc":"2022-01-19 01:47:58","modified":"2025-03-27 13:44:47","modified_utc":"2025-03-27 12:44:47","url":"https:\/\/lecercleetlecarre.fr\/index.php\/event\/reiki-initiation-au-2eme-degre\/","rest_url":"https:\/\/lecercleetlecarre.fr\/index.php\/wp-json\/tribe\/events\/v1\/events\/3154","title":"Reiki \u2013 Initiation au 2\u00e8me Degr\u00e9","description":"<div  class=\"tribe-events-schedule tribe-clearfix\" >\n\t<p class=\"tribe-events-schedule__datetime\">\n\t\t<span class=\"tribe-events-schedule__date tribe-events-schedule__date--start\">\n\t\t\t\t\t<\/span>\n\n\t\t\t\t\t<span class=\"tribe-events-schedule__separator tribe-events-schedule__separator--date\">\n\t\t\t\t \u00e0 \t\t\t<\/span>\n\t\t\t<span class=\"tribe-events-schedule__time tribe-events-schedule__time--start\">\n\t\t\t\t\t\t\t<\/span>\n\t\t\n\t\t\t<\/p>\n<\/div>\n\n\n\n<p>Une pratique centr\u00e9e sur&nbsp;<strong>le&nbsp;Mental \u00e9motionnel<\/strong>,&nbsp;permettant de se faire du bien physiquement, \u00e9motionnellement et spirituellement gr\u00e2ce \u00e0 l\u2019utilisation du&nbsp;<a href=\"https:\/\/lecercleetlecarre.fr\/index.php\/reiki\/\">Reiki<\/a>.<\/p>\n\n\n\n<p>Venez apprendre \u00e0 vous relaxer et \u00e0 relaxer autrui \u00e0 l\u2019aide de vos mains, venez d\u00e9couvrir l\u2019ancrage dans la Terre et la connexion avec le Ciel !<\/p>\n\n\n\n<p>Attention :&nbsp;le nombre de participants est&nbsp;<em>limit\u00e9 \u00e0 8 personnes, au maximum<\/em>. R\u00e9servez d\u00e8s aujourd\u2019hui votre place !<\/p>\n\n\n<div  class=\"tribe-block tribe-block__event-price\" >\n\t\t<\/div>\n\n\n<div  class=\"tribe-block tribe-block__organizer__details tribe-clearfix\" >\n\t<div class=\"tribe-block__organizer__title\">\n\t\t<h3>Le Cercle et Le Carr\u00e9<\/h3>\n\t<\/div>\n\t\t\t\t<p class=\"tribe-block__organizer__website\"><a href=\"https:\/\/lecercleetlecarre.fr\" target=\"_blank\" rel=\"noopener noreferrer\">Voir le site Organisateur<\/a><\/p>\n\t\t\t\t<p class=\"tribe-block__organizer__email\">c&#111;nta&#099;&#116;&#064;&#108;e&#099;&#101;&#114;&#099;l&#101;&#101;tl&#101;&#099;a&#114;&#114;&#101;&#046;&#102;&#114;<\/p>\n\t<\/div>\n\n\n<div  class=\"tribe-block tribe-block__venue tribe-clearfix tribe-block__venue--has-map\" >\n\t\n\t\t\n<div class=\"tribe-block__venue__map\">\n\t\n<iframe loading=\"lazy\"\n  title=\"L\u2018iframe Google maps affichant l\u2019adresse \u00e0 Centre Anima\"\n  aria-label=\"Plan des lieux\"\n  width=\"310px\"\n  height=\"256px\"\n  frameborder=\"0\" style=\"border:0\"\n  src=\"https:\/\/www.google.com\/maps\/embed\/v1\/place?key=AIzaSyDNsicAsP6-VuGtAb1O9riI3oc_NOb7IOU&#038;q=31%2C+rue+de+Maubeuge+PARIS+75009+France+&#038;zoom=10\" allowfullscreen>\n<\/iframe>\n<\/div>\n\n\t<\/div>\n\n\n\n\n\t<div  class=\"tribe-block tribe-block__events-link\" >\n\t\t<div class=\"tribe-events tribe-common\">\n\t\t\t<div class=\"tribe-events-c-subscribe-dropdown__container\">\n\t\t\t\t<div class=\"tribe-events-c-subscribe-dropdown\">\n\t\t\t\t\t<div class=\"tribe-common-c-btn-border tribe-events-c-subscribe-dropdown__button\">\n\t\t\t\t\t\t<svg\n\t class=\"tribe-common-c-svgicon tribe-common-c-svgicon--cal-export tribe-events-c-subscribe-dropdown__export-icon\" \taria-hidden=\"true\"\n\tviewBox=\"0 0 23 17\"\n\txmlns=\"http:\/\/www.w3.org\/2000\/svg\"\n>\n\t<path fill-rule=\"evenodd\" clip-rule=\"evenodd\" d=\"M.128.896V16.13c0 .211.145.383.323.383h15.354c.179 0 .323-.172.323-.383V.896c0-.212-.144-.383-.323-.383H.451C.273.513.128.684.128.896Zm16 6.742h-.901V4.679H1.009v10.729h14.218v-3.336h.901V7.638ZM1.01 1.614h14.218v2.058H1.009V1.614Z\" \/>\n\t<path d=\"M20.5 9.846H8.312M18.524 6.953l2.89 2.909-2.855 2.855\" stroke-width=\"1.2\" stroke-linecap=\"round\" stroke-linejoin=\"round\"\/>\n<\/svg>\n\t\t\t\t\t\t<button\n\t\t\t\t\t\t\tclass=\"tribe-events-c-subscribe-dropdown__button-text\"\n\t\t\t\t\t\t\taria-expanded=\"false\"\n\t\t\t\t\t\t\taria-controls=\"tribe-events-subscribe-dropdown-content\"\n\t\t\t\t\t\t\taria-label=\"Afficher les liens permettant d\u2019ajouter des \u00e9v\u00e8nements \u00e0 votre calendrier\"\n\t\t\t\t\t\t>\n\t\t\t\t\t\t\tAjouter au calendrier\t\t\t\t\t\t<\/button>\n\t\t\t\t\t\t<svg\n\t class=\"tribe-common-c-svgicon tribe-common-c-svgicon--caret-down tribe-events-c-subscribe-dropdown__button-icon\" \taria-hidden=\"true\"\n\tviewBox=\"0 0 10 7\"\n\txmlns=\"http:\/\/www.w3.org\/2000\/svg\"\n>\n\t<path fill-rule=\"evenodd\" clip-rule=\"evenodd\" d=\"M1.008.609L5 4.6 8.992.61l.958.958L5 6.517.05 1.566l.958-.958z\" class=\"tribe-common-c-svgicon__svg-fill\"\/>\n<\/svg>\n\t\t\t\t\t<\/div>\n\t\t\t\t\t<div id=\"tribe-events-subscribe-dropdown-content\" class=\"tribe-events-c-subscribe-dropdown__content\">\n\t\t\t\t\t\t<ul class=\"tribe-events-c-subscribe-dropdown__list\">\n\t\t\t\t\t\t\t\t\t\t\t\t\t\t\t<li class=\"tribe-events-c-subscribe-dropdown__list-item tribe-events-c-subscribe-dropdown__list-item--gcal\">\n\t\t\t\t\t\t\t\t\t<a\n\t\t\t\t\t\t\t\t\t\thref=\"\"\n\t\t\t\t\t\t\t\t\t\tclass=\"tribe-events-c-subscribe-dropdown__list-item-link\"\n\t\t\t\t\t\t\t\t\t\ttarget=\"_blank\"\n\t\t\t\t\t\t\t\t\t\trel=\"noopener noreferrer nofollow noindex\"\n\t\t\t\t\t\t\t\t\t>\n\t\t\t\t\t\t\t\t\t\tGoogle Agenda\t\t\t\t\t\t\t\t\t<\/a>\n\t\t\t\t\t\t\t\t<\/li>\n\t\t\t\t\t\t\t\t\t\t\t\t\t\t\t<li class=\"tribe-events-c-subscribe-dropdown__list-item tribe-events-c-subscribe-dropdown__list-item--ical\">\n\t\t\t\t\t\t\t\t\t<a\n\t\t\t\t\t\t\t\t\t\thref=\"\"\n\t\t\t\t\t\t\t\t\t\tclass=\"tribe-events-c-subscribe-dropdown__list-item-link\"\n\t\t\t\t\t\t\t\t\t\ttarget=\"_blank\"\n\t\t\t\t\t\t\t\t\t\trel=\"noopener noreferrer nofollow noindex\"\n\t\t\t\t\t\t\t\t\t>\n\t\t\t\t\t\t\t\t\t\tiCalendar\t\t\t\t\t\t\t\t\t<\/a>\n\t\t\t\t\t\t\t\t<\/li>\n\t\t\t\t\t\t\t\t\t\t\t\t\t\t\t<li class=\"tribe-events-c-subscribe-dropdown__list-item tribe-events-c-subscribe-dropdown__list-item--outlook-365\">\n\t\t\t\t\t\t\t\t\t<a\n\t\t\t\t\t\t\t\t\t\thref=\"\"\n\t\t\t\t\t\t\t\t\t\tclass=\"tribe-events-c-subscribe-dropdown__list-item-link\"\n\t\t\t\t\t\t\t\t\t\ttarget=\"_blank\"\n\t\t\t\t\t\t\t\t\t\trel=\"noopener noreferrer nofollow noindex\"\n\t\t\t\t\t\t\t\t\t>\n\t\t\t\t\t\t\t\t\t\tOutlook 365\t\t\t\t\t\t\t\t\t<\/a>\n\t\t\t\t\t\t\t\t<\/li>\n\t\t\t\t\t\t\t\t\t\t\t\t\t\t\t<li class=\"tribe-events-c-subscribe-dropdown__list-item tribe-events-c-subscribe-dropdown__list-item--outlook-live\">\n\t\t\t\t\t\t\t\t\t<a\n\t\t\t\t\t\t\t\t\t\thref=\"\"\n\t\t\t\t\t\t\t\t\t\tclass=\"tribe-events-c-subscribe-dropdown__list-item-link\"\n\t\t\t\t\t\t\t\t\t\ttarget=\"_blank\"\n\t\t\t\t\t\t\t\t\t\trel=\"noopener noreferrer nofollow noindex\"\n\t\t\t\t\t\t\t\t\t>\n\t\t\t\t\t\t\t\t\t\tOutlook Live\t\t\t\t\t\t\t\t\t<\/a>\n\t\t\t\t\t\t\t\t<\/li>\n\t\t\t\t\t\t\t\t\t\t\t\t\t<\/ul>\n\t\t\t\t\t<\/div>\n\t\t\t\t<\/div>\n\t\t\t<\/div>\n\t\t<\/div>\n\t<\/div>","excerpt":"","slug":"reiki-initiation-au-2eme-degre","image":false,"all_day":true,"start_date":"2025-07-05 00:00:00","start_date_details":{"year":"2025","month":"07","day":"05","hour":"00","minutes":"00","seconds":"00"},"end_date":"2025-07-06 23:59:59","end_date_details":{"year":"2025","month":"07","day":"06","hour":"23","minutes":"59","seconds":"59"},"utc_start_date":"2025-07-04 22:00:00","utc_start_date_details":{"year":"2025","month":"07","day":"04","hour":"22","minutes":"00","seconds":"00"},"utc_end_date":"2025-07-06 21:59:59","utc_end_date_details":{"year":"2025","month":"07","day":"06","hour":"21","minutes":"59","seconds":"59"},"timezone":"Europe\/Paris","timezone_abbr":"","cost":"270\u20ac","cost_details":{"currency_symbol":"\u20ac","currency_code":"","currency_position":"suffix","values":["270"]},"website":"","show_map":true,"show_map_link":true,"hide_from_listings":false,"sticky":false,"featured":false,"categories":[],"tags":[],"venue":{"id":1117,"author":"1","status":"publish","date":"2019-08-28 17:23:17","date_utc":"2019-08-28 15:23:17","modified":"2019-10-29 02:10:27","modified_utc":"2019-10-29 01:10:27","url":"https:\/\/lecercleetlecarre.fr\/index.php\/lieu\/centre-anima\/","venue":"Centre Anima","slug":"centre-anima","address":"31, rue de Maubeuge","city":"PARIS","country":"France","zip":"75009","website":"https:\/\/www.centreanima.com\/","json_ld":{"@type":"Place","name":"Centre Anima","description":"","url":"","address":{"@type":"PostalAddress","streetAddress":"31, rue de Maubeuge","addressLocality":"PARIS","postalCode":"75009","addressCountry":"France"},"telephone":"","sameAs":"https:\/\/www.centreanima.com\/"},"show_map":true,"show_map_link":true,"global_id":"lecercleetlecarre.fr?id=1117","global_id_lineage":["lecercleetlecarre.fr?id=1117"]},"organizer":[{"id":1182,"author":"1","status":"publish","date":"2019-09-16 01:47:06","date_utc":"2019-09-15 23:47:06","modified":"2019-10-29 02:12:49","modified_utc":"2019-10-29 01:12:49","url":"https:\/\/lecercleetlecarre.fr\/index.php\/organisateur\/le-cercle-et-le-carre\/","organizer":"Le Cercle et Le Carr\u00e9","slug":"le-cercle-et-le-carre","website":"https:\/\/lecercleetlecarre.fr","email":"contact@lecercleetlecarre.fr","json_ld":{"@type":"Person","name":"Le Cercle et Le Carr\u00e9","description":"","url":"https:\/\/lecercleetlecarre.fr","telephone":"","email":"&#99;ont&#97;&#99;t&#64;le&#99;e&#114;&#99;&#108;ee&#116;&#108;&#101;ca&#114;&#114;&#101;&#46;&#102;&#114;","sameAs":"https:\/\/lecercleetlecarre.fr"},"global_id":"lecercleetlecarre.fr?id=1182","global_id_lineage":["lecercleetlecarre.fr?id=1182"]}],"custom_fields":[],"json_ld":{"@context":"http:\/\/schema.org","@type":"Event","name":"Reiki \u2013 Initiation au 2\u00e8me Degr\u00e9","description":"&lt;p&gt;Une pratique centr\u00e9e sur&nbsp;le&nbsp;Mental \u00e9motionnel,&nbsp;permettant de se faire du bien physiquement, \u00e9motionnellement et spirituellement gr\u00e2ce \u00e0 l\u2019utilisation du&nbsp;Reiki. Venez apprendre \u00e0 vous relaxer et \u00e0 relaxer autrui \u00e0 l\u2019aide de &hellip; &lt;a href=&quot;https:\/\/lecercleetlecarre.fr\/index.php\/event\/reiki-initiation-au-2eme-degre\/&quot; class=&quot;more-link&quot;&gt;Lire la suite de &lt;span class=&quot;screen-reader-text&quot;&gt;Reiki \u2013 Initiation au 2\u00e8me Degr\u00e9&lt;\/span&gt;&lt;\/a&gt;&lt;\/p&gt;\\n","url":"https:\/\/lecercleetlecarre.fr\/index.php\/event\/reiki-initiation-au-2eme-degre\/","eventAttendanceMode":"https:\/\/schema.org\/OfflineEventAttendanceMode","eventStatus":"https:\/\/schema.org\/EventScheduled","startDate":"2025-07-05T00:00:00+02:00","endDate":"2025-07-06T23:59:59+02:00","location":{"@type":"Place","name":"Centre Anima","description":"","url":"","address":{"@type":"PostalAddress","streetAddress":"31, rue de Maubeuge","addressLocality":"PARIS","postalCode":"75009","addressCountry":"France"},"telephone":"","sameAs":"https:\/\/www.centreanima.com\/"},"organizer":{"@type":"Person","name":"Le Cercle et Le Carr\u00e9","description":"","url":"https:\/\/lecercleetlecarre.fr","telephone":"","email":"&#99;o&#110;t&#97;&#99;&#116;&#64;l&#101;&#99;e&#114;cl&#101;&#101;&#116;l&#101;c&#97;rr&#101;&#46;f&#114;","sameAs":"https:\/\/lecercleetlecarre.fr"},"offers":{"@type":"Offer","price":"270","priceCurrency":"EUR","url":"https:\/\/lecercleetlecarre.fr\/index.php\/event\/reiki-initiation-au-2eme-degre\/","category":"primary","availability":"inStock","validFrom":"1970-01-01T00:00:00+00:00"},"performer":"Organization"}}