{"id":2804,"date":"2021-03-28T17:31:03","date_gmt":"2021-03-28T15:31:03","guid":{"rendered":"https:\/\/lecercleetlecarre.fr\/?p=2804"},"modified":"2021-03-28T17:35:12","modified_gmt":"2021-03-28T15:35:12","slug":"apprendre-a-etre-reellement-stoique","status":"publish","type":"post","link":"https:\/\/lecercleetlecarre.fr\/index.php\/2021\/03\/28\/apprendre-a-etre-reellement-stoique\/","title":{"rendered":"Apprendre \u00e0 \u00eatre r\u00e9ellement&#8230; sto\u00efque"},"content":{"rendered":"\n<div class=\"wp-block-image\"><figure class=\"aligncenter size-large is-resized\"><img loading=\"lazy\" decoding=\"async\" src=\"https:\/\/lecercleetlecarre.fr\/wp-content\/uploads\/2021\/03\/g13739hv-1024x683.jpg\" alt=\"\" class=\"wp-image-2805\" width=\"522\" height=\"348\" srcset=\"https:\/\/lecercleetlecarre.fr\/wp-content\/uploads\/2021\/03\/g13739hv-1024x683.jpg 1024w, https:\/\/lecercleetlecarre.fr\/wp-content\/uploads\/2021\/03\/g13739hv-300x200.jpg 300w, https:\/\/lecercleetlecarre.fr\/wp-content\/uploads\/2021\/03\/g13739hv-768x512.jpg 768w, https:\/\/lecercleetlecarre.fr\/wp-content\/uploads\/2021\/03\/g13739hv-676x451.jpg 676w, https:\/\/lecercleetlecarre.fr\/wp-content\/uploads\/2021\/03\/g13739hv.bmp 1500w\" sizes=\"auto, (max-width: 522px) 100vw, 522px\" \/><\/figure><\/div>\n\n\n\n<p>La pens\u00e9e sto\u00efcienne, h\u00e9ritage de la Gr\u00e8ce antique d&#8217;\u00c9pict\u00e8te (esclave affranchi) \u00e0 Marc Aur\u00e8le (Empereur romain \u00e0 la fin de sa vie), nous invite \u00e0 <strong>nous pr\u00e9occuper de ce qui d\u00e9pend r\u00e9ellement de nous<\/strong> (responsabilit\u00e9) et de <strong>ne plus nous soucier de ce qui ne d\u00e9pend pas du tout de nous<\/strong> (l\u00e2cher prise).<\/p>\n\n\n\n<blockquote class=\"wp-block-quote is-style-large is-layout-flow wp-block-quote-is-layout-flow\"><p><em>\u00ab Ce n\u2019est pas parce que les choses sont difficiles que nous n\u2019osons pas, c\u2019est parce que nous n\u2019osons pas qu\u2019elles sont difficiles \u00bb<\/em> (S\u00e9n\u00e8que)<\/p><\/blockquote>\n\n\n\n<p>M\u00eame en temps de &#8220;guerre&#8221; et de grande incertitude, nous avons la possibilit\u00e9 de <strong>voir que la vie reste belle<\/strong>, puisque le Soleil brille toujours, malgr\u00e9 les sombres nuages&#8230; Ainsi revient la tranquillit\u00e9 de l&#8217;\u00c2me, &#8220;<em>calme comme une mer d&#8217;huile<\/em>&#8220;, m\u00eame quand la temp\u00eate int\u00e9rieure ou ext\u00e9rieure r\u00e9sonne. La peur excessive, souvent gr\u00e2ce \u00e0 l&#8217;humour, c\u00e8de la place au rire, la joie et l&#8217;Amour reviennent.<\/p>\n\n\n\n<div class=\"wp-block-image\"><figure class=\"aligncenter size-large is-resized\"><img loading=\"lazy\" decoding=\"async\" src=\"https:\/\/lecercleetlecarre.fr\/wp-content\/uploads\/2021\/03\/a1tq0ahl-1024x683.jpg\" alt=\"\" class=\"wp-image-2806\" width=\"522\" height=\"348\" srcset=\"https:\/\/lecercleetlecarre.fr\/wp-content\/uploads\/2021\/03\/a1tq0ahl-1024x683.jpg 1024w, https:\/\/lecercleetlecarre.fr\/wp-content\/uploads\/2021\/03\/a1tq0ahl-300x200.jpg 300w, https:\/\/lecercleetlecarre.fr\/wp-content\/uploads\/2021\/03\/a1tq0ahl-768x512.jpg 768w, https:\/\/lecercleetlecarre.fr\/wp-content\/uploads\/2021\/03\/a1tq0ahl-676x451.jpg 676w, https:\/\/lecercleetlecarre.fr\/wp-content\/uploads\/2021\/03\/a1tq0ahl.bmp 1200w\" sizes=\"auto, (max-width: 522px) 100vw, 522px\" \/><\/figure><\/div>\n","protected":false},"excerpt":{"rendered":"<p>La pens\u00e9e sto\u00efcienne, h\u00e9ritage de la Gr\u00e8ce antique d&#8217;\u00c9pict\u00e8te (esclave affranchi) \u00e0 Marc Aur\u00e8le (Empereur romain \u00e0 la fin de sa vie), nous invite \u00e0 nous pr\u00e9occuper de ce qui &hellip; <a href=\"https:\/\/lecercleetlecarre.fr\/index.php\/2021\/03\/28\/apprendre-a-etre-reellement-stoique\/\" class=\"more-link\">Lire la suite de <span class=\"screen-reader-text\">Apprendre \u00e0 \u00eatre r\u00e9ellement&#8230; sto\u00efque<\/span><\/a><\/p>\n","protected":false},"author":3,"featured_media":0,"comment_status":"open","ping_status":"open","sticky":false,"template":"","format":"standard","meta":{"_s2mail":"yes","_EventAllDay":false,"_EventTimezone":"","_EventStartDate":"","_EventEndDate":"","_EventStartDateUTC":"","_EventEndDateUTC":"","_EventShowMap":false,"_EventShowMapLink":false,"_EventURL":"","_EventCost":"","_EventCostDescription":"","_EventCurrencySymbol":"","_EventCurrencyCode":"","_EventCurrencyPosition":"","_EventDateTimeSeparator":"","_EventTimeRangeSeparator":"","_EventOrganizerID":[],"_EventVenueID":[],"_OrganizerEmail":"","_OrganizerPhone":"","_OrganizerWebsite":"","_VenueAddress":"","_VenueCity":"","_VenueCountry":"","_VenueProvince":"","_VenueState":"","_VenueZip":"","_VenuePhone":"","_VenueURL":"","_VenueStateProvince":"","_VenueLat":"","_VenueLng":"","_VenueShowMap":false,"_VenueShowMapLink":false,"footnotes":""},"categories":[5],"tags":[],"class_list":["post-2804","post","type-post","status-publish","format-standard","hentry","category-spiritualite"],"_links":{"self":[{"href":"https:\/\/lecercleetlecarre.fr\/index.php\/wp-json\/wp\/v2\/posts\/2804","targetHints":{"allow":["GET"]}}],"collection":[{"href":"https:\/\/lecercleetlecarre.fr\/index.php\/wp-json\/wp\/v2\/posts"}],"about":[{"href":"https:\/\/lecercleetlecarre.fr\/index.php\/wp-json\/wp\/v2\/types\/post"}],"author":[{"embeddable":true,"href":"https:\/\/lecercleetlecarre.fr\/index.php\/wp-json\/wp\/v2\/users\/3"}],"replies":[{"embeddable":true,"href":"https:\/\/lecercleetlecarre.fr\/index.php\/wp-json\/wp\/v2\/comments?post=2804"}],"version-history":[{"count":1,"href":"https:\/\/lecercleetlecarre.fr\/index.php\/wp-json\/wp\/v2\/posts\/2804\/revisions"}],"predecessor-version":[{"id":2807,"href":"https:\/\/lecercleetlecarre.fr\/index.php\/wp-json\/wp\/v2\/posts\/2804\/revisions\/2807"}],"wp:attachment":[{"href":"https:\/\/lecercleetlecarre.fr\/index.php\/wp-json\/wp\/v2\/media?parent=2804"}],"wp:term":[{"taxonomy":"category","embeddable":true,"href":"https:\/\/lecercleetlecarre.fr\/index.php\/wp-json\/wp\/v2\/categories?post=2804"},{"taxonomy":"post_tag","embeddable":true,"href":"https:\/\/lecercleetlecarre.fr\/index.php\/wp-json\/wp\/v2\/tags?post=2804"}],"curies":[{"name":"wp","href":"https:\/\/api.w.org\/{rel}","templated":true}]}}